{"id":130,"date":"2016-07-06T16:05:09","date_gmt":"2016-07-06T14:05:09","guid":{"rendered":"http:\/\/hindersby.net\/wpmickels\/?p=130"},"modified":"2016-07-08T07:19:56","modified_gmt":"2016-07-08T05:19:56","slug":"gamla-foton-fran-1961","status":"publish","type":"post","link":"https:\/\/hindersby.net\/wpmickels\/index.php\/2016\/07\/06\/gamla-foton-fran-1961\/","title":{"rendered":"Gamla foton fr\u00e5n 1961"},"content":{"rendered":"<p>I v\u00e5rt fotoalbum i Hindersby finns det en del foton som kan intressera Mickels-sl\u00e4kten. F\u00f6rst fr\u00e5n sl\u00e4kthippan \u00e5r 1961 med 55 \u00e5r yngre kusiner.<\/p>\n<p><img loading=\"lazy\" class=\"alignnone size-full wp-image-131\" src=\"http:\/\/hindersby.net\/wpmickels\/wp-content\/uploads\/2016\/07\/bos-sestu_kusiner_1961.jpg\" alt=\"bos-sestu_kusiner_1961\" width=\"3568\" height=\"4313\" \/><\/p>\n<p><img loading=\"lazy\" class=\"alignnone size-full wp-image-133\" src=\"http:\/\/hindersby.net\/wpmickels\/wp-content\/uploads\/2016\/07\/bos-sestu_slekthippa_1961-1.jpg\" alt=\"bos-sestu_slekthippa_1961\" width=\"3856\" height=\"4403\" \/><\/p>\n<p>Edit st\u00e5ende i bakgrunden hj\u00e4lpte till p\u00e5 kalaset. Hon \u00e4r min andra (adopterade) mamma sedan jag skidade \u00f6ver \u00e5krarna som 5-\u00e5ring till Vesterg\u00e5rds f\u00f6r att leka med Ingmar. Hon dog i fjol som 103-\u00e5ring.<\/p>\n<p>Ganska ofta hade vi bes\u00f6k av Evi och Helge.<\/p>\n<p><img loading=\"lazy\" class=\"alignnone size-full wp-image-134\" src=\"http:\/\/hindersby.net\/wpmickels\/wp-content\/uploads\/2016\/07\/bos-sestu_Evi_Helge_gung.jpg\" alt=\"bos-sestu_Evi_Helge_gung\" width=\"6536\" height=\"4874\" \/><\/p>\n<p>L\u00e4gg m\u00e4rke till den stora radion p\u00e5 bilden nedan. Det var f\u00f6re transistorradions tid. Men n\u00e4sta \u00e5r fick morsan en fin dansk transistorradio till 50-\u00e5rsdagen &#8211; d\u00e5 det var om\u00f6jligt att komma hit p\u00e5 grund av v\u00e5r allra st\u00f6rsta \u00f6versv\u00e4mning.<\/p>\n<p><img loading=\"lazy\" class=\"alignnone size-full wp-image-135\" src=\"http:\/\/hindersby.net\/wpmickels\/wp-content\/uploads\/2016\/07\/bos-sestu_Evi_Helge_radio.jpg\" alt=\"bos-sestu_Evi_Helge_radio\" width=\"3544\" height=\"3504\" \/><\/p>\n<p>\u00c5r 1961 blev ocks\u00e5 en av kusinerna student.<\/p>\n<p><img loading=\"lazy\" class=\"alignnone size-full wp-image-136\" src=\"http:\/\/hindersby.net\/wpmickels\/wp-content\/uploads\/2016\/07\/bos-sestu_Carita_1961.jpg\" alt=\"bos-sestu_Carita_1961\" width=\"4824\" height=\"7367\" \/><\/p>\n<p>Jag har en annan bild ocks\u00e5 d\u00e4r gripen \u00e4r mycket h\u00f6gre upp i luften och Carita vinkar ganska s\u00e5 \u00e4ngsligt &#8230;<\/p>\n<p>Det finns mycket litet foton fr\u00e5n vardagen men ett av de b\u00e4sta \u00e4r d\u00e5 morsan och farsan \u00e4r p\u00e5 v\u00e4g till h\u00f6\u00e5kern med korgen f\u00f6r <strong>kaffikalaasi<\/strong>.<\/p>\n<p><img loading=\"lazy\" class=\"alignnone size-full wp-image-137\" src=\"http:\/\/hindersby.net\/wpmickels\/wp-content\/uploads\/2016\/07\/bos-sestu_Majlis_Bernhard_sneisand.jpg\" alt=\"bos-sestu_Majlis_Bernhard_sneisand\" width=\"3856\" height=\"4200\" \/><\/p>\n<p>Det var alltid besv\u00e4rligt att f\u00e5 ut kalvarna p\u00e5 v\u00e5ren. Vi hade dem i en hage bakom huset f\u00f6r att de inte skulle bli r\u00e4dda och rymma till skogs.<\/p>\n<p><img loading=\"lazy\" class=\"alignnone size-full wp-image-138\" src=\"http:\/\/hindersby.net\/wpmickels\/wp-content\/uploads\/2016\/07\/bos-sestu_kalvdragand.jpg\" alt=\"bos-sestu_kalvdragand\" width=\"5184\" height=\"5279\" \/><\/p>\n<p><img loading=\"lazy\" class=\"alignnone size-full wp-image-139\" src=\"http:\/\/hindersby.net\/wpmickels\/wp-content\/uploads\/2016\/07\/bos-sestu_kalvstuuand.jpg\" alt=\"bos-sestu_kalvstuuand\" width=\"5384\" height=\"5301\" \/><\/p>\n<p>Och s\u00e5 en bild fr\u00e5n Fiskarstuvun d\u00e4r vi var n\u00e4stan varje sommar. Ni k\u00e4nner v\u00e4l igen Nisse och Olof &#8230;<\/p>\n<p><img loading=\"lazy\" class=\"alignnone size-full wp-image-140\" src=\"http:\/\/hindersby.net\/wpmickels\/wp-content\/uploads\/2016\/07\/bos-sestu_Nisse_Olof_Fiskarstuvu.jpg\" alt=\"bos-sestu_Nisse_Olof_Fiskarstuvu\" width=\"4896\" height=\"7053\" \/><\/p>\n<p>Orsaken till att bilderna \u00e4r fr\u00e5n b\u00f6rjan av 1960-talet \u00e4r att jag d\u00e5 hade f\u00e5tt en ny spegelreflexkamera och fotograferade ivrigt. Ni ser att bildformatet \u00e4r 6&#215;6 cm. Vi hade en fotoklubb i skolan med m\u00f6rkrum p\u00e5 Elevhemmet och alla de h\u00e4r bilderna \u00e4r framkallade d\u00e4r. Vi gjorde till och med f\u00e4rgbilder. Till exempel foto nedan av v\u00e5rt hus 1964 \u00e4r framkallat med Fotoklubbens apparatur. L\u00e4gg m\u00e4rke till alla luftledningar som nu \u00e4r helt borta liksom antennmasten p\u00e5 huset som var ena \u00e4ndan p\u00e5 en 30 meters l\u00e5ng L-antenn som jag anv\u00e4nde f\u00f6r att lyssna p\u00e5 kortv\u00e5g.<\/p>\n<p><img loading=\"lazy\" class=\"alignnone size-full wp-image-142\" src=\"http:\/\/hindersby.net\/wpmickels\/wp-content\/uploads\/2016\/07\/bos-sestu_huset_1964.jpg\" alt=\"bos-sestu_huset_1964\" width=\"5880\" height=\"5323\" \/><\/p>\n","protected":false},"excerpt":{"rendered":"<p>I v\u00e5rt fotoalbum i Hindersby finns det en del foton som kan intressera Mickels-sl\u00e4kten. F\u00f6rst fr\u00e5n sl\u00e4kthippan \u00e5r 1961 med 55 \u00e5r yngre kusiner. Edit st\u00e5ende i bakgrunden hj\u00e4lpte till p\u00e5 kalaset. Hon \u00e4r min andra (adopterade) mamma sedan jag skidade \u00f6ver \u00e5krarna som 5-\u00e5ring till Vesterg\u00e5rds f\u00f6r att leka med Ingmar. Hon dog i &hellip; <a href=\"https:\/\/hindersby.net\/wpmickels\/index.php\/2016\/07\/06\/gamla-foton-fran-1961\/\" class=\"more-link\">Forts\u00e4tt l\u00e4sa<span class=\"screen-reader-text\"> \u201dGamla foton fr\u00e5n 1961\u201d<\/span><\/a><\/p>\n","protected":false},"author":1,"featured_media":0,"comment_status":"open","ping_status":"open","sticky":false,"template":"","format":"standard","meta":[],"categories":[1],"tags":[],"_links":{"self":[{"href":"https:\/\/hindersby.net\/wpmickels\/index.php\/wp-json\/wp\/v2\/posts\/130"}],"collection":[{"href":"https:\/\/hindersby.net\/wpmickels\/index.php\/wp-json\/wp\/v2\/posts"}],"about":[{"href":"https:\/\/hindersby.net\/wpmickels\/index.php\/wp-json\/wp\/v2\/types\/post"}],"author":[{"embeddable":true,"href":"https:\/\/hindersby.net\/wpmickels\/index.php\/wp-json\/wp\/v2\/users\/1"}],"replies":[{"embeddable":true,"href":"https:\/\/hindersby.net\/wpmickels\/index.php\/wp-json\/wp\/v2\/comments?post=130"}],"version-history":[{"count":2,"href":"https:\/\/hindersby.net\/wpmickels\/index.php\/wp-json\/wp\/v2\/posts\/130\/revisions"}],"predecessor-version":[{"id":143,"href":"https:\/\/hindersby.net\/wpmickels\/index.php\/wp-json\/wp\/v2\/posts\/130\/revisions\/143"}],"wp:attachment":[{"href":"https:\/\/hindersby.net\/wpmickels\/index.php\/wp-json\/wp\/v2\/media?parent=130"}],"wp:term":[{"taxonomy":"category","embeddable":true,"href":"https:\/\/hindersby.net\/wpmickels\/index.php\/wp-json\/wp\/v2\/categories?post=130"},{"taxonomy":"post_tag","embeddable":true,"href":"https:\/\/hindersby.net\/wpmickels\/index.php\/wp-json\/wp\/v2\/tags?post=130"}],"curies":[{"name":"wp","href":"https:\/\/api.w.org\/{rel}","templated":true}]}}